{"id":792,"date":"2021-11-30T12:00:00","date_gmt":"2021-11-30T11:00:00","guid":{"rendered":"https:\/\/histoirepatrimoine-paris17.org\/?p=792"},"modified":"2022-01-04T22:54:43","modified_gmt":"2022-01-04T21:54:43","slug":"josephine-baker-et-le-23-boulevard-des-batignolles","status":"publish","type":"post","link":"https:\/\/histoirepatrimoine-paris17.org\/index.php\/2021\/11\/30\/josephine-baker-et-le-23-boulevard-des-batignolles\/","title":{"rendered":"Josephine Baker et le 23 boulevard des Batignolles"},"content":{"rendered":"\n<p>En ce jour o\u00f9 la Patrie est reconnaissante \u00e0 #JosephineBaker (1906-1975), nous nous souvenons que cette grande artiste, r\u00e9sistante, f\u00e9ministe et militante antiraciste v\u00e9cut au 23 boulevard des Batignolles \u00e0 son arriv\u00e9e en France en 1925.<\/p>\n\n\n\n<figure class=\"wp-block-gallery columns-3 is-cropped wp-block-gallery-1 is-layout-flex wp-block-gallery-is-layout-flex\"><ul class=\"blocks-gallery-grid\"><li class=\"blocks-gallery-item\"><figure><img loading=\"lazy\" decoding=\"async\" width=\"730\" height=\"1024\" src=\"https:\/\/histoirepatrimoine-paris17.org\/wp-content\/uploads\/2022\/01\/IMAGE-2022-01-04-225229-730x1024.jpg\" alt=\"\" data-id=\"793\" data-link=\"https:\/\/histoirepatrimoine-paris17.org\/?attachment_id=793#main\" class=\"wp-image-793\" srcset=\"https:\/\/histoirepatrimoine-paris17.org\/wp-content\/uploads\/2022\/01\/IMAGE-2022-01-04-225229-730x1024.jpg 730w, https:\/\/histoirepatrimoine-paris17.org\/wp-content\/uploads\/2022\/01\/IMAGE-2022-01-04-225229-214x300.jpg 214w, https:\/\/histoirepatrimoine-paris17.org\/wp-content\/uploads\/2022\/01\/IMAGE-2022-01-04-225229-768x1077.jpg 768w, https:\/\/histoirepatrimoine-paris17.org\/wp-content\/uploads\/2022\/01\/IMAGE-2022-01-04-225229.jpg 800w\" sizes=\"auto, (max-width: 730px) 100vw, 730px\" \/><\/figure><\/li><li class=\"blocks-gallery-item\"><figure><img loading=\"lazy\" decoding=\"async\" width=\"1024\" height=\"680\" src=\"https:\/\/histoirepatrimoine-paris17.org\/wp-content\/uploads\/2022\/01\/IMAGE-2022-01-04-225232-1024x680.jpg\" alt=\"\" data-id=\"794\" data-link=\"https:\/\/histoirepatrimoine-paris17.org\/?attachment_id=794#main\" class=\"wp-image-794\" srcset=\"https:\/\/histoirepatrimoine-paris17.org\/wp-content\/uploads\/2022\/01\/IMAGE-2022-01-04-225232-1024x680.jpg 1024w, https:\/\/histoirepatrimoine-paris17.org\/wp-content\/uploads\/2022\/01\/IMAGE-2022-01-04-225232-300x199.jpg 300w, https:\/\/histoirepatrimoine-paris17.org\/wp-content\/uploads\/2022\/01\/IMAGE-2022-01-04-225232-768x510.jpg 768w, https:\/\/histoirepatrimoine-paris17.org\/wp-content\/uploads\/2022\/01\/IMAGE-2022-01-04-225232.jpg 1280w\" sizes=\"auto, (max-width: 1024px) 100vw, 1024px\" \/><\/figure><\/li><li class=\"blocks-gallery-item\"><figure><img loading=\"lazy\" decoding=\"async\" width=\"760\" height=\"1024\" src=\"https:\/\/histoirepatrimoine-paris17.org\/wp-content\/uploads\/2022\/01\/IMAGE-2022-01-04-225233-760x1024.jpg\" alt=\"\" data-id=\"795\" data-full-url=\"https:\/\/histoirepatrimoine-paris17.org\/wp-content\/uploads\/2022\/01\/IMAGE-2022-01-04-225233.jpg\" data-link=\"https:\/\/histoirepatrimoine-paris17.org\/?attachment_id=795#main\" class=\"wp-image-795\" srcset=\"https:\/\/histoirepatrimoine-paris17.org\/wp-content\/uploads\/2022\/01\/IMAGE-2022-01-04-225233-760x1024.jpg 760w, https:\/\/histoirepatrimoine-paris17.org\/wp-content\/uploads\/2022\/01\/IMAGE-2022-01-04-225233-223x300.jpg 223w, https:\/\/histoirepatrimoine-paris17.org\/wp-content\/uploads\/2022\/01\/IMAGE-2022-01-04-225233-768x1035.jpg 768w, https:\/\/histoirepatrimoine-paris17.org\/wp-content\/uploads\/2022\/01\/IMAGE-2022-01-04-225233.jpg 800w\" sizes=\"auto, (max-width: 760px) 100vw, 760px\" \/><\/figure><\/li><\/ul><\/figure>\n","protected":false},"excerpt":{"rendered":"<p>En ce jour o\u00f9 la Patrie est reconnaissante \u00e0 #JosephineBaker (1906-1975), nous nous souvenons que cette grande artiste, r\u00e9sistante, f\u00e9ministe et militante antiraciste v\u00e9cut au 23 boulevard des Batignolles \u00e0 son arriv\u00e9e en France en 1925.<\/p>\n","protected":false},"author":1,"featured_media":0,"comment_status":"open","ping_status":"open","sticky":false,"template":"","format":"standard","meta":{"footnotes":""},"categories":[10,3],"tags":[],"class_list":["post-792","post","type-post","status-publish","format-standard","hentry","category-mardis-celebrites","category-celebrites_17eme"],"_links":{"self":[{"href":"https:\/\/histoirepatrimoine-paris17.org\/index.php\/wp-json\/wp\/v2\/posts\/792","targetHints":{"allow":["GET"]}}],"collection":[{"href":"https:\/\/histoirepatrimoine-paris17.org\/index.php\/wp-json\/wp\/v2\/posts"}],"about":[{"href":"https:\/\/histoirepatrimoine-paris17.org\/index.php\/wp-json\/wp\/v2\/types\/post"}],"author":[{"embeddable":true,"href":"https:\/\/histoirepatrimoine-paris17.org\/index.php\/wp-json\/wp\/v2\/users\/1"}],"replies":[{"embeddable":true,"href":"https:\/\/histoirepatrimoine-paris17.org\/index.php\/wp-json\/wp\/v2\/comments?post=792"}],"version-history":[{"count":2,"href":"https:\/\/histoirepatrimoine-paris17.org\/index.php\/wp-json\/wp\/v2\/posts\/792\/revisions"}],"predecessor-version":[{"id":797,"href":"https:\/\/histoirepatrimoine-paris17.org\/index.php\/wp-json\/wp\/v2\/posts\/792\/revisions\/797"}],"wp:attachment":[{"href":"https:\/\/histoirepatrimoine-paris17.org\/index.php\/wp-json\/wp\/v2\/media?parent=792"}],"wp:term":[{"taxonomy":"category","embeddable":true,"href":"https:\/\/histoirepatrimoine-paris17.org\/index.php\/wp-json\/wp\/v2\/categories?post=792"},{"taxonomy":"post_tag","embeddable":true,"href":"https:\/\/histoirepatrimoine-paris17.org\/index.php\/wp-json\/wp\/v2\/tags?post=792"}],"curies":[{"name":"wp","href":"https:\/\/api.w.org\/{rel}","templated":true}]}}