{"id":731,"date":"2021-06-15T12:00:00","date_gmt":"2021-06-15T10:00:00","guid":{"rendered":"https:\/\/histoirepatrimoine-paris17.org\/?p=731"},"modified":"2021-06-17T05:47:03","modified_gmt":"2021-06-17T03:47:03","slug":"louise-petron-et-le-11-avenue-paul-adam","status":"publish","type":"post","link":"https:\/\/histoirepatrimoine-paris17.org\/index.php\/2021\/06\/15\/louise-petron-et-le-11-avenue-paul-adam\/","title":{"rendered":"Louise Petron et le 11 avenue Paul Adam"},"content":{"rendered":"\n<p>Inconnue du grand public, Louise Petron (1889-1945) a pourtant tout pour \u00eatre une c\u00e9l\u00e9brit\u00e9 de notre arrondissement. N\u00e9e dans l\u2019Orne et m\u00e8re de trois enfants, elle est avant-guerre concierge de l&rsquo;immeuble o\u00f9 elle loge, au 11 avenue Paul Adam.<\/p>\n\n\n\n<p>Engag\u00e9e dans les Forces fran\u00e7aises combattantes (FFC), elle \u0153uvre d\u2019abord comme \u00ab\u00a0boite aux lettres\u00a0\u00bb au sein du r\u00e9seau Corvette aupr\u00e8s de son mari r\u00e9sistant. Chez elle s&rsquo;\u00e9changent plis, messages et directives secrets. En juillet 1944, ils sont arr\u00eat\u00e9s par la Gestapo.<\/p>\n\n\n\n<p>Intern\u00e9e \u00e0 Fresnes, elle est d\u00e9port\u00e9e \u00e0 Ravensbruck par l&rsquo;un des derniers convois, o\u00f9 elle meurt en janvier 1945. Reconnue \u00ab\u00a0Morte pour la France\u00a0\u00bb elle est faite, \u00e0 titre posthume, Chevalier de la L\u00e9gion d&rsquo;Honneur et titulaire de la Croix de guerre et de la M\u00e9daille de la R\u00e9sistance.<\/p>\n\n\n\n<figure class=\"wp-block-gallery columns-3 is-cropped wp-block-gallery-1 is-layout-flex wp-block-gallery-is-layout-flex\"><ul class=\"blocks-gallery-grid\"><li class=\"blocks-gallery-item\"><figure><img loading=\"lazy\" decoding=\"async\" width=\"1024\" height=\"750\" src=\"https:\/\/histoirepatrimoine-paris17.org\/wp-content\/uploads\/2021\/06\/IMAGE-2021-06-17-054619-1024x750.jpg\" alt=\"\" data-id=\"732\" data-link=\"https:\/\/histoirepatrimoine-paris17.org\/?attachment_id=732#main\" class=\"wp-image-732\" srcset=\"https:\/\/histoirepatrimoine-paris17.org\/wp-content\/uploads\/2021\/06\/IMAGE-2021-06-17-054619-1024x750.jpg 1024w, https:\/\/histoirepatrimoine-paris17.org\/wp-content\/uploads\/2021\/06\/IMAGE-2021-06-17-054619-300x220.jpg 300w, https:\/\/histoirepatrimoine-paris17.org\/wp-content\/uploads\/2021\/06\/IMAGE-2021-06-17-054619-768x562.jpg 768w, https:\/\/histoirepatrimoine-paris17.org\/wp-content\/uploads\/2021\/06\/IMAGE-2021-06-17-054619.jpg 1280w\" sizes=\"auto, (max-width: 1024px) 100vw, 1024px\" \/><\/figure><\/li><li class=\"blocks-gallery-item\"><figure><img loading=\"lazy\" decoding=\"async\" width=\"686\" height=\"680\" src=\"https:\/\/histoirepatrimoine-paris17.org\/wp-content\/uploads\/2021\/06\/IMAGE-2021-06-17-054620.jpg\" alt=\"\" data-id=\"733\" data-link=\"https:\/\/histoirepatrimoine-paris17.org\/?attachment_id=733#main\" class=\"wp-image-733\" srcset=\"https:\/\/histoirepatrimoine-paris17.org\/wp-content\/uploads\/2021\/06\/IMAGE-2021-06-17-054620.jpg 686w, https:\/\/histoirepatrimoine-paris17.org\/wp-content\/uploads\/2021\/06\/IMAGE-2021-06-17-054620-300x297.jpg 300w, https:\/\/histoirepatrimoine-paris17.org\/wp-content\/uploads\/2021\/06\/IMAGE-2021-06-17-054620-150x150.jpg 150w\" sizes=\"auto, (max-width: 686px) 100vw, 686px\" \/><\/figure><\/li><li class=\"blocks-gallery-item\"><figure><img loading=\"lazy\" decoding=\"async\" width=\"618\" height=\"808\" src=\"https:\/\/histoirepatrimoine-paris17.org\/wp-content\/uploads\/2021\/06\/IMAGE-2021-06-17-054623.jpg\" alt=\"\" data-id=\"734\" data-link=\"https:\/\/histoirepatrimoine-paris17.org\/?attachment_id=734#main\" class=\"wp-image-734\" srcset=\"https:\/\/histoirepatrimoine-paris17.org\/wp-content\/uploads\/2021\/06\/IMAGE-2021-06-17-054623.jpg 618w, https:\/\/histoirepatrimoine-paris17.org\/wp-content\/uploads\/2021\/06\/IMAGE-2021-06-17-054623-229x300.jpg 229w\" sizes=\"auto, (max-width: 618px) 100vw, 618px\" \/><\/figure><\/li><li class=\"blocks-gallery-item\"><figure><img loading=\"lazy\" decoding=\"async\" width=\"838\" height=\"620\" src=\"https:\/\/histoirepatrimoine-paris17.org\/wp-content\/uploads\/2021\/06\/IMAGE-2021-06-17-054626.jpg\" alt=\"\" data-id=\"735\" data-link=\"https:\/\/histoirepatrimoine-paris17.org\/?attachment_id=735#main\" class=\"wp-image-735\" srcset=\"https:\/\/histoirepatrimoine-paris17.org\/wp-content\/uploads\/2021\/06\/IMAGE-2021-06-17-054626.jpg 838w, https:\/\/histoirepatrimoine-paris17.org\/wp-content\/uploads\/2021\/06\/IMAGE-2021-06-17-054626-300x222.jpg 300w, https:\/\/histoirepatrimoine-paris17.org\/wp-content\/uploads\/2021\/06\/IMAGE-2021-06-17-054626-768x568.jpg 768w\" sizes=\"auto, (max-width: 838px) 100vw, 838px\" \/><\/figure><\/li><li class=\"blocks-gallery-item\"><figure><img loading=\"lazy\" decoding=\"async\" width=\"1024\" height=\"1024\" src=\"https:\/\/histoirepatrimoine-paris17.org\/wp-content\/uploads\/2021\/06\/IMAGE-2021-06-17-054629-1024x1024.jpg\" alt=\"\" data-id=\"736\" data-full-url=\"https:\/\/histoirepatrimoine-paris17.org\/wp-content\/uploads\/2021\/06\/IMAGE-2021-06-17-054629.jpg\" data-link=\"https:\/\/histoirepatrimoine-paris17.org\/?attachment_id=736#main\" class=\"wp-image-736\" srcset=\"https:\/\/histoirepatrimoine-paris17.org\/wp-content\/uploads\/2021\/06\/IMAGE-2021-06-17-054629-1024x1024.jpg 1024w, https:\/\/histoirepatrimoine-paris17.org\/wp-content\/uploads\/2021\/06\/IMAGE-2021-06-17-054629-300x300.jpg 300w, https:\/\/histoirepatrimoine-paris17.org\/wp-content\/uploads\/2021\/06\/IMAGE-2021-06-17-054629-150x150.jpg 150w, https:\/\/histoirepatrimoine-paris17.org\/wp-content\/uploads\/2021\/06\/IMAGE-2021-06-17-054629-768x768.jpg 768w, https:\/\/histoirepatrimoine-paris17.org\/wp-content\/uploads\/2021\/06\/IMAGE-2021-06-17-054629.jpg 1280w\" sizes=\"auto, (max-width: 1024px) 100vw, 1024px\" \/><\/figure><\/li><\/ul><\/figure>\n","protected":false},"excerpt":{"rendered":"<p>Inconnue du grand public, Louise Petron (1889-1945) a pourtant tout pour \u00eatre une c\u00e9l\u00e9brit\u00e9 de notre arrondissement. N\u00e9e dans l\u2019Orne et m\u00e8re de trois enfants, elle est avant-guerre concierge de l&rsquo;immeuble o\u00f9 elle loge, au 11 avenue Paul Adam. Engag\u00e9e <a class=\"more-link\" href=\"https:\/\/histoirepatrimoine-paris17.org\/index.php\/2021\/06\/15\/louise-petron-et-le-11-avenue-paul-adam\/\">Lire plus &#8230;<\/a><\/p>\n","protected":false},"author":1,"featured_media":0,"comment_status":"open","ping_status":"open","sticky":false,"template":"","format":"standard","meta":{"footnotes":""},"categories":[10,3],"tags":[],"class_list":["post-731","post","type-post","status-publish","format-standard","hentry","category-mardis-celebrites","category-celebrites_17eme"],"_links":{"self":[{"href":"https:\/\/histoirepatrimoine-paris17.org\/index.php\/wp-json\/wp\/v2\/posts\/731","targetHints":{"allow":["GET"]}}],"collection":[{"href":"https:\/\/histoirepatrimoine-paris17.org\/index.php\/wp-json\/wp\/v2\/posts"}],"about":[{"href":"https:\/\/histoirepatrimoine-paris17.org\/index.php\/wp-json\/wp\/v2\/types\/post"}],"author":[{"embeddable":true,"href":"https:\/\/histoirepatrimoine-paris17.org\/index.php\/wp-json\/wp\/v2\/users\/1"}],"replies":[{"embeddable":true,"href":"https:\/\/histoirepatrimoine-paris17.org\/index.php\/wp-json\/wp\/v2\/comments?post=731"}],"version-history":[{"count":1,"href":"https:\/\/histoirepatrimoine-paris17.org\/index.php\/wp-json\/wp\/v2\/posts\/731\/revisions"}],"predecessor-version":[{"id":737,"href":"https:\/\/histoirepatrimoine-paris17.org\/index.php\/wp-json\/wp\/v2\/posts\/731\/revisions\/737"}],"wp:attachment":[{"href":"https:\/\/histoirepatrimoine-paris17.org\/index.php\/wp-json\/wp\/v2\/media?parent=731"}],"wp:term":[{"taxonomy":"category","embeddable":true,"href":"https:\/\/histoirepatrimoine-paris17.org\/index.php\/wp-json\/wp\/v2\/categories?post=731"},{"taxonomy":"post_tag","embeddable":true,"href":"https:\/\/histoirepatrimoine-paris17.org\/index.php\/wp-json\/wp\/v2\/tags?post=731"}],"curies":[{"name":"wp","href":"https:\/\/api.w.org\/{rel}","templated":true}]}}